{"id":7011,"date":"2024-07-10T05:30:00","date_gmt":"2024-07-10T05:30:00","guid":{"rendered":"https:\/\/www.brunswickrealestate.com\/press-release\/regio-och-scandinova-i-nytt-hyresavtal-for-att-mota-bolagets-okade-efterfragan\/"},"modified":"2026-01-28T04:34:16","modified_gmt":"2026-01-28T04:34:16","slug":"regio-och-scandinova-i-nytt-hyresavtal-for-att-mota-bolagets-okade-efterfragan","status":"publish","type":"press_release","link":"https:\/\/www.brunswickrealestate.com\/sv\/press-release\/regio-och-scandinova-i-nytt-hyresavtal-for-att-mota-bolagets-okade-efterfragan\/","title":{"rendered":"Regio och ScandiNova i nytt hyresavtal f\u00f6r att m\u00f6ta bolagets \u00f6kade efterfr\u00e5gan"},"featured_media":143,"template":"","meta":{"_acf_changed":false,"_seopress_robots_primary_cat":"","_seopress_titles_title":"","_seopress_titles_desc":"","_seopress_robots_index":"","inline_featured_image":false},"press_release_category":[46,47],"class_list":["post-7011","press_release","type-press_release","status-publish","has-post-thumbnail","hentry"],"acf":[],"_links":{"self":[{"href":"https:\/\/www.brunswickrealestate.com\/sv\/wp-json\/wp\/v2\/press_release\/7011","targetHints":{"allow":["GET"]}}],"collection":[{"href":"https:\/\/www.brunswickrealestate.com\/sv\/wp-json\/wp\/v2\/press_release"}],"about":[{"href":"https:\/\/www.brunswickrealestate.com\/sv\/wp-json\/wp\/v2\/types\/press_release"}],"wp:featuredmedia":[{"embeddable":true,"href":"https:\/\/www.brunswickrealestate.com\/sv\/wp-json\/wp\/v2\/media\/143"}],"wp:attachment":[{"href":"https:\/\/www.brunswickrealestate.com\/sv\/wp-json\/wp\/v2\/media?parent=7011"}],"wp:term":[{"taxonomy":"press_release_category","embeddable":true,"href":"https:\/\/www.brunswickrealestate.com\/sv\/wp-json\/wp\/v2\/press_release_category?post=7011"}],"curies":[{"name":"wp","href":"https:\/\/api.w.org\/{rel}","templated":true}]}}